{"id":201,"date":"2026-03-29T19:00:00","date_gmt":"2026-03-29T17:00:00","guid":{"rendered":"https:\/\/ulfers.top\/hjemmeside\/?p=201"},"modified":"2026-04-06T19:43:27","modified_gmt":"2026-04-06T17:43:27","slug":"paskenott","status":"publish","type":"post","link":"https:\/\/ulfers.top\/hjemmeside\/2026\/03\/29\/paskenott\/","title":{"rendered":"P\u00e5sken\u00f8tt"},"content":{"rendered":"\n<p class=\"has-large-font-size\">Er du klar for fortsettelsen p\u00e5 f\u00f8ljetongen om kortslutningen som kan ligge innebygget i aksekorset feminin\/maskulin og lov\/legal? Og ettersom vi n\u00e6rmer oss f\u00f8rste s\u00f8ndag etter f\u00f8rste fullm\u00e5ne etter v\u00e5rjevnd\u00f8gn* og mange har ekstra fritid akkurat n\u00e5, kan lesestoff med sosialt relevant stoff \u00e5 bryne seg p\u00e5 v\u00e6re aldeles perfekt.<\/p>\n\n\n\n<p>La oss begynne med en scene: Du har oppdaget at en gjeng luringer driver med tyveri fra gullbeholdningen som tilh\u00f8rer deg og vennene dine. Dette driver de med rett bak et stort sceneteppe&#8230; Anledningen n\u00e6rmer seg, som du har sett frem til en stund, der tyvebanden skal til deres store og vel fortjente overraskelse bli avsl\u00f8rt foran alle. Som forberedelse har du og vennene dine gjort klart et tau for \u00e5 trekke til side teppet og avsl\u00f8re alt!<\/p>\n\n\n\n<p>Og endelig: Det store \u00f8yeblikket er her! N\u00e5 skal uhumskhetene frem i lyset, bokstavlig talt, s\u00e5 hele samfunnet blir kjent med uretten som har foreg\u00e5tt mot dere. Du tar selv et godt tak i det &#8216;magiske&#8217; tauet som henger der s\u00e5 lovende&#8230; Og s\u00e5, trekk!<\/p>\n\n\n\n<p>Men &#8212; ingen ting skjedde&#8230; Andre enden av tauet falt bare ned fra opphenget h\u00f8yt der oppe under taket, og s\u00e5 liksom fislet ned og datt i gulvet&#8230; Og det var alt. Hvordan kunne dette bli s\u00e5 fiasko? Svaret: Dere hadde kj\u00f8pt et tau, lagt ene enden rett og slett over oppe der hvor sceneteppet var festet, resten av tauet hang fint ned til gulvet s\u00e5nn at man kunne gripe det&#8230;<\/p>\n\n\n\n<p>Akkurat s\u00e5nn ser det jo egentlig ut, tau som man trekker scenetepper til side med.<\/p>\n\n\n\n<p>Problemet var bare at ingen av dere hadde sjekket <em>mekanismen<\/em> som gj\u00f8r at s\u00e5nne tau har en faktisk effekt p\u00e5 teppet. Istedenfor \u00e5 bare falle ned p\u00e5 gulvet&#8230;<\/p>\n\n\n\n<h2 class=\"wp-block-heading\">Moralen<\/h2>\n\n\n\n<p>Hva man <em>tror<\/em> at er effektivt og at adresserer et problem som truer en p\u00e5 livet, og hva som virkelig har en effekt, det kan noen ganger v\u00e6re to forskjellige ting. Hvis man ikke har gjort oppgaven f\u00f8r, da begynner man i mange tilfeller p\u00e5 litt bar bakke, og driver kreativt og optimistisk med gjetninger som alts\u00e5 ikke er basert p\u00e5 s\u00e5 mye erfaring.<\/p>\n\n\n\n<figure class=\"wp-block-image size-full is-resized\"><img loading=\"lazy\" decoding=\"async\" width=\"733\" height=\"632\" src=\"https:\/\/ulfers.top\/hjemmeside\/wp-content\/uploads\/2026\/03\/hvordan-har-du-det-2.png\" alt=\"\" class=\"wp-image-204\" style=\"aspect-ratio:1.1605606881172348;width:501px;height:auto\" srcset=\"https:\/\/ulfers.top\/hjemmeside\/wp-content\/uploads\/2026\/03\/hvordan-har-du-det-2.png 733w, https:\/\/ulfers.top\/hjemmeside\/wp-content\/uploads\/2026\/03\/hvordan-har-du-det-2-300x259.png 300w\" sizes=\"auto, (max-width: 733px) 100vw, 733px\" \/><\/figure>\n\n\n\n<p>Det er alts\u00e5 2026. Mange mener forholdene idag er verre enn p\u00e5 1990-tallet. For eksempel. Og verre enn i flere av ti\u00e5rene rundt der. Vanskelig \u00f8konomi, lav fremtidstro, psykiske problemer, det er noe av det som <em>kan<\/em> se ut til \u00e5 prege tiden litt n\u00e5. Og i Norge har jeg h\u00f8rt noe sted at folk opps\u00f8ker Fastlege i uvanlig h\u00f8ye tall, p\u00e5 grunn av depresjonslignende tilstander.<\/p>\n\n\n\n<p>De som opplever vanskelige tider, kan ha forskjellige forslag til forklaring. Noen tenker det er Djevelen som st\u00e5r bak. Andre mener det er Reptilians. Kanskje noen foresl\u00e5r Rotschild, eller j\u00f8dene, eller de ventreorienterte, eller de h\u00f8yreorienterte, kapitalkreftene, IKEA, kunstig intelligens, dataspill, tiktok, porno, alkohol, narkotika, mikroplast, de gjenkriminelle. Noen mener nok alt er Trump sin skyld. Eller EU.<\/p>\n\n\n\n<p>Sammenlignet med den mest idylliske Astrid Lindgren&#8211;historie, hvordan evaluerer akkurat du en trussel (eller flere) som du ser at st\u00e5r imot samfunnet n\u00e5? P\u00e5 en skala fra 1 til 10, for \u00e5 v\u00e6re litt konkret. 1 betyr &#8216;lav trussel&#8217; og 10 betyr &#8216;h\u00f8y trussel&#8217;. Hvilket poeng ville du sette? Det betyr ikke at du n\u00f8dvendigvis tenker lite eller mye p\u00e5 utfordringer, bare hva slags skala du ville foresl\u00e5tt at det handler om hvis du m\u00e5tte si et tall.<\/p>\n\n\n\n<h2 class=\"wp-block-heading\">Quiz<\/h2>\n\n\n\n<p>Hvis du opplever slitenhet fra hverdagens utfordringer, hvis du ser ting som antagelig ikke var s\u00e5nn noen ti\u00e5r tilbake i tid, og syns det er slitsomt \u00e5 dessuten m\u00e5tte se at andre, folk rundt deg, ser ut til \u00e5 oppleve utfordringer ikke hjemmeh\u00f8rende i et normalt, velfungerende samfunn: Hva er l\u00f8sningen din p\u00e5 dette her?<\/p>\n\n\n\n<p>Har du en tanke eller to om en vei frem til m\u00e5let, frem til en mer normal samfunnstilv\u00e6relse og en mer normal verden? Minn deg selv p\u00e5 hva du har tenkt om det. S\u00e5nn helt privat, for deg selv n\u00e5, kan du v\u00e6re konkret. Og her kommer s\u00e5 p\u00e5sken\u00f8tten: G\u00e5r det an \u00e5 innf\u00f8re l\u00f8sningen som du tenker deg, p\u00e5 en slags naturlig og frivillig m\u00e5te? Eller er det en forandring som m\u00e5tte komme via \u00f8verste verv i en formell struktur? Alts\u00e5 via en struktur som EU. Eller Sovjetunionen. Eller Staten her i Norge.<\/p>\n\n\n\n<p>Alts\u00e5: Er du en <em>legalist<\/em>?<\/p>\n\n\n\n<p><strong>Send ditt svarforslag inn til:<\/strong> <a href=\"mailto:mail@ulfers.top\">mail@ulfers.top<\/a><\/p>\n\n\n\n<div style=\"height:54px\" aria-hidden=\"true\" class=\"wp-block-spacer\"><\/div>\n\n\n\n<hr class=\"wp-block-separator has-alpha-channel-opacity is-style-wide\"\/>\n\n\n\n<p>* P\u00e5ske. Tror jeg ihvertfall at fastsettes akkurat s\u00e5nn&#8230; <\/p>\n\n\n\n<div style=\"height:67px\" aria-hidden=\"true\" class=\"wp-block-spacer\"><\/div>\n\n\n\n<form name=\"s2form\" method=\"post\"><input type=\"hidden\" name=\"ip\" value=\"216.73.217.61\" \/><span style=\"display:none !important\"><label for=\"firstname\">Leave This Blank:<\/label><input type=\"text\" id=\"firstname\" name=\"firstname\" \/><label for=\"lastname\">Leave This Blank Too:<\/label><input type=\"text\" id=\"lastname\" name=\"lastname\" \/><label for=\"uri\">Do Not Change This:<\/label><input type=\"text\" id=\"uri\" name=\"uri\" value=\"http:\/\/\" \/><\/span><p><label for=\"s2email\">Your email:<\/label><br><input type=\"email\" name=\"email\" id=\"s2email\" value=\"Enter email address...\" size=\"20\" onfocus=\"if (this.value === 'Enter email address...') {this.value = '';}\" onblur=\"if (this.value === '') {this.value = 'Enter email address...';}\" \/><\/p><p><input type=\"submit\" name=\"subscribe\" value=\"Subscribe\" \/>&nbsp;<input type=\"submit\" name=\"unsubscribe\" value=\"Unsubscribe\" \/><\/p><\/form>\r\n\n\n\n\n<div style=\"height:67px\" aria-hidden=\"true\" class=\"wp-block-spacer\"><\/div>\n<div class=\"gsp_post_data\" \r\n\t            data-post_type=\"post\" \r\n\t            data-cat=\"hverdagsfilosofi\" \r\n\t            data-modified=\"120\"\r\n\t            data-created=\"1774810800\"\r\n\t            data-title=\"P\u00e5sken\u00f8tt\" \r\n\t            data-home=\"https:\/\/ulfers.top\/hjemmeside\"><\/div>","protected":false},"excerpt":{"rendered":"<p>Er du klar for fortsettelsen p\u00e5 f\u00f8ljetongen om kortslutningen som kan ligge innebygget i aksekorset feminin\/maskulin og lov\/legal? Og ettersom vi n\u00e6rmer oss f\u00f8rste s\u00f8ndag etter f\u00f8rste fullm\u00e5ne etter v\u00e5rjevnd\u00f8gn* og mange har ekstra fritid akkurat n\u00e5, kan lesestoff med sosialt relevant stoff \u00e5 bryne seg p\u00e5 v\u00e6re aldeles perfekt. La oss begynne med en [&hellip;]<\/p>\n","protected":false},"author":1,"featured_media":205,"comment_status":"open","ping_status":"open","sticky":false,"template":"","format":"standard","meta":{"_s2mail":"yes","footnotes":""},"categories":[6],"tags":[5,14,12,10,7,9,8],"class_list":["post-201","post","type-post","status-publish","format-standard","has-post-thumbnail","hentry","category-hverdagsfilosofi","tag-biologi","tag-juss","tag-kjonn","tag-konspirasjon","tag-kultur","tag-okonomi","tag-psykologi"],"jetpack_featured_media_url":"https:\/\/ulfers.top\/hjemmeside\/wp-content\/uploads\/2026\/03\/gedankenschatz-mountain-863713_1920.jpg","_links":{"self":[{"href":"https:\/\/ulfers.top\/hjemmeside\/wp-json\/wp\/v2\/posts\/201","targetHints":{"allow":["GET"]}}],"collection":[{"href":"https:\/\/ulfers.top\/hjemmeside\/wp-json\/wp\/v2\/posts"}],"about":[{"href":"https:\/\/ulfers.top\/hjemmeside\/wp-json\/wp\/v2\/types\/post"}],"author":[{"embeddable":true,"href":"https:\/\/ulfers.top\/hjemmeside\/wp-json\/wp\/v2\/users\/1"}],"replies":[{"embeddable":true,"href":"https:\/\/ulfers.top\/hjemmeside\/wp-json\/wp\/v2\/comments?post=201"}],"version-history":[{"count":14,"href":"https:\/\/ulfers.top\/hjemmeside\/wp-json\/wp\/v2\/posts\/201\/revisions"}],"predecessor-version":[{"id":275,"href":"https:\/\/ulfers.top\/hjemmeside\/wp-json\/wp\/v2\/posts\/201\/revisions\/275"}],"wp:featuredmedia":[{"embeddable":true,"href":"https:\/\/ulfers.top\/hjemmeside\/wp-json\/wp\/v2\/media\/205"}],"wp:attachment":[{"href":"https:\/\/ulfers.top\/hjemmeside\/wp-json\/wp\/v2\/media?parent=201"}],"wp:term":[{"taxonomy":"category","embeddable":true,"href":"https:\/\/ulfers.top\/hjemmeside\/wp-json\/wp\/v2\/categories?post=201"},{"taxonomy":"post_tag","embeddable":true,"href":"https:\/\/ulfers.top\/hjemmeside\/wp-json\/wp\/v2\/tags?post=201"}],"curies":[{"name":"wp","href":"https:\/\/api.w.org\/{rel}","templated":true}]}}